{"id":3,"__str__":"Audi\u00eancia P\u00fablica da Restitui\u00e7\u00e3o do Complemento de Aposentadoria","link_detail_backend":"/audiencia/3","metadata":{},"numero":1,"ano":2025,"nome":"Audi\u00eancia P\u00fablica da Restitui\u00e7\u00e3o do Complemento de Aposentadoria","tema":"Restitui\u00e7\u00f5es das contribui\u00e7\u00f5es oriundas do sistema de aposentadoria complementar.","data":"2025-04-23","hora_inicio":"19:00","hora_fim":"","observacao":"","audiencia_cancelada":false,"url_audio":"","url_video":"https://www.youtube.com/watch?v=bObP_Xwz8Ro&t=1s","upload_pauta":"http://sapl.arcos.mg.leg.br/media/sapl/public/audienciapublica/3/pauta/pauta_audiencia_publica_01-2025_sapl.pdf","upload_ata":null,"upload_anexo":null,"materia":null,"tipo":1,"parlamentar_autor":4,"requerimento":712}