{"id":1088,"__str__":"Emenda Impositiva n\u00ba 5 de 2025","link_detail_backend":"/materia/1088","metadata":{},"numero":5,"ano":2025,"numero_protocolo":null,"data_apresentacao":"2025-11-27","tipo_apresentacao":"O","data_publicacao":null,"numero_origem_externa":"","ano_origem_externa":null,"data_origem_externa":null,"apelido":"","dias_prazo":null,"data_fim_prazo":null,"em_tramitacao":false,"polemica":false,"objeto":"","complementar":false,"ementa":"Emenda Modificativa de autoria do Vereador Jo\u00e3o Paulo Ferreira sobre o Projeto de Lei Complementar n\u00ba 028/2025 de autoria do Chefe do Poder Executivo Municipal que: ESTIMA A RECEITA E FIXA A DESPESA DO MUNIC\u00cdPIO DE ARCOS/MG PARA O EXERC\u00cdCIO DE 2026 E D\u00c1 OUTRAS PROVID\u00caNCIAS.","indexacao":"","observacao":"","resultado":"","texto_original":"http://sapl.arcos.mg.leg.br/media/sapl/public/materialegislativa/2025/1088/emenda_impositiva_joao_paulo.pdf","data_ultima_atualizacao":"2025-11-27T16:39:43.942772-03:00","ip":"177.85.167.129","ultima_edicao":"2025-11-27T16:39:43.802705-03:00","tipo":11,"regime_tramitacao":1,"tipo_origem_externa":null,"local_origem_externa":null,"user":14,"anexadas":[],"autores":[24]}