{"id":111,"__str__":"Projeto de Lei Ordin\u00e1ria - Executivo n\u00ba 29 de 2023","link_detail_backend":"/materia/111","metadata":{},"numero":29,"ano":2023,"numero_protocolo":null,"data_apresentacao":"2023-11-10","tipo_apresentacao":"E","data_publicacao":null,"numero_origem_externa":"","ano_origem_externa":null,"data_origem_externa":null,"apelido":"","dias_prazo":null,"data_fim_prazo":null,"em_tramitacao":false,"polemica":false,"objeto":"","complementar":false,"ementa":"AUTORIZA A DESAFETA\u00c7\u00c3O DE EQUIPAMENTO COMUNIT\u00c1RIO DE IM\u00d3VEL PERTENCENTE AO MUNIC\u00cdPIO, PARA FINS DE CONSTRU\u00c7\u00c3O DE EMPREENDIMENTO HABITACIONAL PARA FAM\u00cdLIAS DE BAIXA RENDA E D\u00c1 OUTRAS PROVID\u00caNCIAS.","indexacao":"","observacao":"","resultado":"","texto_original":"http://sapl.arcos.mg.leg.br/media/sapl/public/materialegislativa/2023/111/projeto_de_lei_029-2023_-_desafetacao_de_area_para_construcao_de_empreendimento_habitacional_no_local_denominado_bairro_residencial_sao_geraldo.pdf","data_ultima_atualizacao":"2024-08-30T12:29:41.120702-03:00","ip":"177.85.167.129","ultima_edicao":"2023-11-10T17:21:40.824774-03:00","tipo":3,"regime_tramitacao":1,"tipo_origem_externa":null,"local_origem_externa":null,"user":14,"anexadas":[],"autores":[30]}