{"id":148,"__str__":"Emenda Impositiva n\u00ba 9 de 2023","link_detail_backend":"/materia/148","metadata":{},"numero":9,"ano":2023,"numero_protocolo":null,"data_apresentacao":"2023-11-29","tipo_apresentacao":"","data_publicacao":null,"numero_origem_externa":"","ano_origem_externa":null,"data_origem_externa":null,"apelido":"","dias_prazo":null,"data_fim_prazo":null,"em_tramitacao":false,"polemica":false,"objeto":"","complementar":false,"ementa":"Emenda Modificativa de autoria do Vereador Jo\u00e3o Paulo Ferreira sobre o Projeto de Lei Complementar n\u00ba 032/2023 de autoria do Chefe do Poder Executivo Municipal que: ESTIMA A RECEITA E FIXA A DESPESA DO MUNIC\u00cdPIO DE ARCOS/MG PARA O EXERC\u00cdCIO DE 2024 E D\u00c1 OUTRAS PROVID\u00caNCIAS.","indexacao":"","observacao":"","resultado":"","texto_original":"http://sapl.arcos.mg.leg.br/media/sapl/public/materialegislativa/2023/148/emenda_impositiva_joaozinho.pdf","data_ultima_atualizacao":"2023-11-29T16:58:09.703692-03:00","ip":"177.85.167.129","ultima_edicao":"2023-11-29T16:55:42.424440-03:00","tipo":11,"regime_tramitacao":1,"tipo_origem_externa":null,"local_origem_externa":null,"user":14,"anexadas":[],"autores":[24]}