{"id":156,"__str__":"Projeto de Lei Ordin\u00e1ria - Legislativo n\u00ba 25 de 2023","link_detail_backend":"/materia/156","metadata":{},"numero":25,"ano":2023,"numero_protocolo":null,"data_apresentacao":"2023-12-01","tipo_apresentacao":"E","data_publicacao":null,"numero_origem_externa":"","ano_origem_externa":null,"data_origem_externa":null,"apelido":"","dias_prazo":null,"data_fim_prazo":null,"em_tramitacao":false,"polemica":false,"objeto":"","complementar":false,"ementa":"DISP\u00d5E SOBRE ALTERA\u00c7\u00c3O NO QUADRO DE PESSOAL DO PODER LEGISLATIVO MUNICIPAL, ELEVANDO O N\u00daMERO DE VAGAS PREVISTAS PARA O CARGO DE AUXILIAR DE CONTABILIDADE E D\u00c1 OUTRAS PROVID\u00caNCIAS.","indexacao":"","observacao":"","resultado":"","texto_original":"http://sapl.arcos.mg.leg.br/media/sapl/public/materialegislativa/2023/156/proejto_de_lei_no_25-2023_-_aumento_do_cargo_de_auxiliar_de_contabilidade.pdf","data_ultima_atualizacao":"2024-08-29T14:51:15.754117-03:00","ip":"177.85.167.129","ultima_edicao":"2023-12-01T17:15:26.790338-03:00","tipo":12,"regime_tramitacao":1,"tipo_origem_externa":null,"local_origem_externa":null,"user":14,"anexadas":[],"autores":[21]}