{"id":750,"__str__":"Raz\u00f5es de Veto n\u00ba 1 de 2025","link_detail_backend":"/materia/750","metadata":{},"numero":1,"ano":2025,"numero_protocolo":null,"data_apresentacao":"2025-04-24","tipo_apresentacao":"E","data_publicacao":null,"numero_origem_externa":"","ano_origem_externa":null,"data_origem_externa":null,"apelido":"","dias_prazo":null,"data_fim_prazo":null,"em_tramitacao":false,"polemica":false,"objeto":"","complementar":false,"ementa":"Raz\u00f5es de Veto ao Projeto de Lei Ordin\u00e1ria n\u00ba 009/2025, de autoria do Vereador Hernane Hon\u00f3rio Dias, que DISP\u00d5E SOBRE A OBRIGATORIEDADE DA REALIZA\u00c7\u00c3O DE EXAMES OFTALMOL\u00d3GICOS PARA OS ALUNOS MATRICULADOS NA REDE P\u00daBLICA MUNICIPAL DE ENSINO A PARTIR DOS QUATRO ANOS DE IDADE.","indexacao":"","observacao":"","resultado":"","texto_original":"http://sapl.arcos.mg.leg.br/media/sapl/public/materialegislativa/2025/750/mensagem_de_veto_01_de_24_de_abril_de_2025_ao_pl_009_2025_realizacao_de_exames_oftalmologicos.pdf","data_ultima_atualizacao":"2025-06-24T12:54:18.572926-03:00","ip":"177.85.167.129","ultima_edicao":"2025-04-24T17:08:06.121107-03:00","tipo":16,"regime_tramitacao":2,"tipo_origem_externa":null,"local_origem_externa":null,"user":14,"anexadas":[],"autores":[40]}