{"id":960,"__str__":"Projeto de Decreto Legislativo n\u00ba 28 de 2025","link_detail_backend":"/materia/960","metadata":{},"numero":28,"ano":2025,"numero_protocolo":null,"data_apresentacao":"2025-09-11","tipo_apresentacao":"E","data_publicacao":null,"numero_origem_externa":"","ano_origem_externa":null,"data_origem_externa":null,"apelido":"","dias_prazo":null,"data_fim_prazo":null,"em_tramitacao":false,"polemica":false,"objeto":"","complementar":false,"ementa":"Disp\u00f5e sobre a concess\u00e3o de Mo\u00e7\u00e3o de Aplausos aos Coordenadores do Movimento EJC (Encontro de Jovens com Cristo) do Munic\u00edpio de Arcos.","indexacao":"","observacao":"","resultado":"","texto_original":"http://sapl.arcos.mg.leg.br/media/sapl/public/materialegislativa/2025/960/projeto_de_decreto_legislativo_028-2025__-_mocao_de_aplausos_coordenadores_do_ejc.pdf","data_ultima_atualizacao":"2025-09-23T13:06:06.567817-03:00","ip":"177.85.167.129","ultima_edicao":"2025-09-11T16:13:31.616682-03:00","tipo":2,"regime_tramitacao":1,"tipo_origem_externa":null,"local_origem_externa":null,"user":15,"anexadas":[],"autores":[47]}