{"id":994,"__str__":"Projeto de Lei Ordin\u00e1ria - Legislativo n\u00ba 35 de 2025","link_detail_backend":"/materia/994","metadata":{},"numero":35,"ano":2025,"numero_protocolo":null,"data_apresentacao":"2025-10-03","tipo_apresentacao":"E","data_publicacao":null,"numero_origem_externa":"","ano_origem_externa":null,"data_origem_externa":null,"apelido":"","dias_prazo":null,"data_fim_prazo":null,"em_tramitacao":false,"polemica":false,"objeto":"","complementar":false,"ementa":"DISP\u00d5E SOBRE A ALTERA\u00c7\u00c3O DA DENOMINA\u00c7\u00c3O DO CARGO DE AUXILIAR DE CONTABILIDADE DO QUADRO GERAL DE PESSOAL DA C\u00c2MARA MUNICIPAL DE ARCOS/MG, PREVISTO NA LEI N\u00b0 2.243, DE 11 DE AGOSTO DE 2009.","indexacao":"","observacao":"","resultado":"","texto_original":"http://sapl.arcos.mg.leg.br/media/sapl/public/materialegislativa/2025/994/projeto_de_lei_no_035-2025_-_alteracao_da_denominacao_do_cargo_de_auxiliar_de_contabilidade.pdf","data_ultima_atualizacao":"2025-10-21T13:21:08.928751-03:00","ip":"177.85.167.129","ultima_edicao":"2025-10-03T14:19:00.352683-03:00","tipo":12,"regime_tramitacao":1,"tipo_origem_externa":null,"local_origem_externa":null,"user":15,"anexadas":[],"autores":[26]}