{"headers": {"id": "ID", "periodo": "Per\u00edodo", "titulo": "Mat\u00e9ria", "autor": "Autor", "ementa": "Ementa", "situacao": "Situa\u00e7\u00e3o"}, "results": [{"id": 856, "periodo": "ordem dia", "titulo": "Projeto de Lei Complementar - Executivo n\u00ba 20 de 2025", "autor": "Wellington Francelli Estev\u00e3o Rodrigues Roque - Prefeito Municipal", "ementa": "AUTORIZA O PODER EXECUTIVO MUNICIPAL A ABRIR CR\u00c9DITO ADICIONAL ESPECIAL.", "situacao": "Inclu\u00eddo em Reuni\u00e3o Extraordin\u00e1ria para delibera\u00e7\u00e3o"}, {"id": 857, "periodo": "ordem dia", "titulo": "Projeto de Lei Complementar - Executivo n\u00ba 21 de 2025", "autor": "Wellington Francelli Estev\u00e3o Rodrigues Roque - Prefeito Municipal", "ementa": "AUTORIZA O PODER EXECUTIVO MUNICIPAL A ABRIR CR\u00c9DITO ADICIONAL SUPLEMENTAR.", "situacao": "Inclu\u00eddo em Reuni\u00e3o Extraordin\u00e1ria para delibera\u00e7\u00e3o"}, {"id": 858, "periodo": "ordem dia", "titulo": "Projeto de Lei Complementar - Executivo n\u00ba 22 de 2025", "autor": "Wellington Francelli Estev\u00e3o Rodrigues Roque - Prefeito Municipal", "ementa": "AUTORIZA O PODER EXECUTIVO MUNICIPAL A ABRIR CR\u00c9DITO ADICIONAL SUPLEMENTAR.", "situacao": "Inclu\u00eddo em Reuni\u00e3o Extraordin\u00e1ria para delibera\u00e7\u00e3o"}, {"id": 859, "periodo": "ordem dia", "titulo": "Projeto de Lei Complementar - Executivo n\u00ba 23 de 2025", "autor": "Wellington Francelli Estev\u00e3o Rodrigues Roque - Prefeito Municipal", "ementa": "AUTORIZA O PODER EXECUTIVO MUNICIPAL A ABRIR CR\u00c9DITO ADICIONAL ESPECIAL.", "situacao": "Inclu\u00eddo em Reuni\u00e3o Extraordin\u00e1ria para delibera\u00e7\u00e3o"}]}