{"headers": {"id": "ID", "periodo": "Per\u00edodo", "titulo": "Mat\u00e9ria", "autor": "Autor", "ementa": "Ementa", "situacao": "Situa\u00e7\u00e3o"}, "results": [{"id": 569, "periodo": "ordem dia", "titulo": "Projeto de Resolu\u00e7\u00e3o n\u00ba 1 de 2025", "autor": "Vereadores", "ementa": "AUTORIZA A MUDAN\u00c7A DE LOCAL PARA POSSE E COMPROMISSO DO PREFEITO MUNICIPAL E VICE-PREFEITO DE ARCOS/MG.", "situacao": "Proposi\u00e7\u00e3o inclu\u00edda no Pequeno Expediente para leitura"}, {"id": 569, "periodo": "expediente", "titulo": "Projeto de Resolu\u00e7\u00e3o n\u00ba 1 de 2025", "autor": "Vereadores", "ementa": "AUTORIZA A MUDAN\u00c7A DE LOCAL PARA POSSE E COMPROMISSO DO PREFEITO MUNICIPAL E VICE-PREFEITO DE ARCOS/MG.", "situacao": "Proposi\u00e7\u00e3o inclu\u00edda no Pequeno Expediente para leitura"}]}